{"id":1,"date":"2012-05-21T21:44:49","date_gmt":"2012-05-21T21:44:49","guid":{"rendered":"http:\/\/hochzeit.bremmert.de\/?p=1"},"modified":"2016-11-21T09:40:28","modified_gmt":"2016-11-21T08:40:28","slug":"hallo-welt","status":"publish","type":"post","link":"https:\/\/www.bremmert.de\/hochzeit\/hallo-welt\/","title":{"rendered":"Wir trauen uns was!"},"content":{"rendered":"<p><img loading=\"lazy\" decoding=\"async\" class=\"alignleft size-medium wp-image-47\" title=\"Herz_K\u00f6rper Kopie_kl\" src=\"https:\/\/bremmert.de\/hochzeit\/wp-content\/uploads\/2012\/05\/Herz_K\u00f6rper-Kopie_kl-270x300.jpg\" alt=\"\" width=\"270\" height=\"300\" srcset=\"https:\/\/www.bremmert.de\/hochzeit\/wp-content\/uploads\/2012\/05\/Herz_K\u00f6rper-Kopie_kl-270x300.jpg 270w, https:\/\/www.bremmert.de\/hochzeit\/wp-content\/uploads\/2012\/05\/Herz_K\u00f6rper-Kopie_kl-923x1024.jpg 923w, https:\/\/www.bremmert.de\/hochzeit\/wp-content\/uploads\/2012\/05\/Herz_K\u00f6rper-Kopie_kl-880x975.jpg 880w, https:\/\/www.bremmert.de\/hochzeit\/wp-content\/uploads\/2012\/05\/Herz_K\u00f6rper-Kopie_kl.jpg 959w\" sizes=\"auto, (max-width: 270px) 100vw, 270px\" \/><br \/>\n<br \/>Widget not in any sidebars<br \/><\/p>\n<p>Herzlich willkommen lieber Gast,<\/p>\n<p style=\"text-align: left;\" align=\"center\"><strong>Wir beide &#8211; Manuela und Steffen, <\/strong><strong>Voller Spannung erwartet, <\/strong><strong>auf vielfachen Wunsch <\/strong><strong>und doch aus eigenem Willen!<\/strong><\/p>\n<p style=\"text-align: left;\" align=\"center\"><strong>Wir heiraten!<\/strong><\/p>\n<p style=\"text-align: left;\" align=\"center\"><strong>Diesen Tag m\u00f6chten wir gemeinsam mit Euch erleben!<\/strong><\/p>\n<p style=\"text-align: left;\" align=\"center\"><strong>Die Trauung findet am <\/strong><strong>11. August 2012 um 13 Uhr <\/strong><strong>in der katholischen Kirche <\/strong><strong>St. Bonifatius in Dietenhofen statt.<\/strong><\/p>\n<p style=\"text-align: left;\" align=\"center\">Danach wollen wir unseren Entschluss kr\u00e4ftig mit euch allen gemeinsam feiern. Direkt nach der Trauung gibt es f\u00fcr alle Gottesdienstbesucher einen Sektempfang vor der Kirche. Auch kleine H\u00e4ppchen werden gereicht. Gegen 15 Uhr werden wir dann mit den geladen G\u00e4sten (engerer Familien- und Freundeskreis) zur Hochzeitsfeier nach Heilsbronn aufbrechen.<\/p>\n<p>[ujicountdown id=&#8220;Manuela und Steffen heiraten in&#8220; expire=&#8220;2012\/08\/11 13:00&#8243;]<\/p>\n","protected":false},"excerpt":{"rendered":"<p>Herzlich willkommen lieber Gast, Wir beide &#8211; Manuela und Steffen, Voller Spannung erwartet, auf vielfachen Wunsch und doch aus eigenem Willen! Wir heiraten! Diesen Tag m\u00f6chten wir gemeinsam mit Euch erleben! Die Trauung findet am 11. August 2012 um 13 Uhr in der katholischen Kirche St. Bonifatius in Dietenhofen statt. Danach wollen wir unseren Entschluss [&hellip;]<\/p>\n","protected":false},"author":1,"featured_media":0,"comment_status":"open","ping_status":"open","sticky":false,"template":"","format":"standard","meta":{"ngg_post_thumbnail":0,"footnotes":""},"categories":[1],"tags":[],"class_list":["post-1","post","type-post","status-publish","format-standard","hentry","category-allgemein"],"_links":{"self":[{"href":"https:\/\/www.bremmert.de\/hochzeit\/wp-json\/wp\/v2\/posts\/1","targetHints":{"allow":["GET"]}}],"collection":[{"href":"https:\/\/www.bremmert.de\/hochzeit\/wp-json\/wp\/v2\/posts"}],"about":[{"href":"https:\/\/www.bremmert.de\/hochzeit\/wp-json\/wp\/v2\/types\/post"}],"author":[{"embeddable":true,"href":"https:\/\/www.bremmert.de\/hochzeit\/wp-json\/wp\/v2\/users\/1"}],"replies":[{"embeddable":true,"href":"https:\/\/www.bremmert.de\/hochzeit\/wp-json\/wp\/v2\/comments?post=1"}],"version-history":[{"count":16,"href":"https:\/\/www.bremmert.de\/hochzeit\/wp-json\/wp\/v2\/posts\/1\/revisions"}],"predecessor-version":[{"id":824,"href":"https:\/\/www.bremmert.de\/hochzeit\/wp-json\/wp\/v2\/posts\/1\/revisions\/824"}],"wp:attachment":[{"href":"https:\/\/www.bremmert.de\/hochzeit\/wp-json\/wp\/v2\/media?parent=1"}],"wp:term":[{"taxonomy":"category","embeddable":true,"href":"https:\/\/www.bremmert.de\/hochzeit\/wp-json\/wp\/v2\/categories?post=1"},{"taxonomy":"post_tag","embeddable":true,"href":"https:\/\/www.bremmert.de\/hochzeit\/wp-json\/wp\/v2\/tags?post=1"}],"curies":[{"name":"wp","href":"https:\/\/api.w.org\/{rel}","templated":true}]}}