{"id":409,"date":"2012-06-06T19:53:29","date_gmt":"2012-06-06T17:53:29","guid":{"rendered":"http:\/\/hochzeit.bremmert.de\/?p=409"},"modified":"2012-06-06T19:53:29","modified_gmt":"2012-06-06T17:53:29","slug":"der-brautigam-hat-seinen-anzug","status":"publish","type":"post","link":"https:\/\/www.bremmert.de\/hochzeit\/der-brautigam-hat-seinen-anzug\/","title":{"rendered":"Der Br\u00e4utigam hat seinen Anzug"},"content":{"rendered":"<p>Gestern waren wir zum Anzugkaufen in N\u00fcrnberg. Und es war ein Umkleidemarathon. Der Br\u00e4utigam verbrachte soviel Zeit in einer Umkleidekabine, wie bisher in seinem ganzen Leben nicht zusammen gez\u00e4hlt \ud83d\ude09<\/p>\n<p>Nun, leider gabs die Hose nur 1\/2 Gr\u00f6\u00dfe zu klein. Jetzt hei\u00dft es abspecken 2-3kg, damit auch alles perfekt sitzt am gro\u00dfen Tag \ud83d\ude42<\/p>\n<p>Aber da er das ja eh vorhatte ist alles im Plan und motiviert zu mehr Bewegung und ges\u00fcnderer Ern\u00e4hrung.<\/p>\n<p>Daf\u00fcr ist es ein wundersch\u00f6ner Anzug geworden mit einem blauem Hemd. Die ganzen Accessoires fehlen noch, aber werden das Ergebnis sicherlich noch abrunden \ud83d\ude42<\/p>\n<p>Viele liebe Gr\u00fc\u00dfe<\/p>\n<p>&nbsp;<\/p>\n","protected":false},"excerpt":{"rendered":"<p>Gestern waren wir zum Anzugkaufen in N\u00fcrnberg. Und es war ein Umkleidemarathon. Der Br\u00e4utigam verbrachte soviel Zeit in einer Umkleidekabine, wie bisher in seinem ganzen Leben nicht zusammen gez\u00e4hlt \ud83d\ude09 Nun, leider gabs die Hose nur 1\/2 Gr\u00f6\u00dfe zu klein. Jetzt hei\u00dft es abspecken 2-3kg, damit auch alles perfekt sitzt am gro\u00dfen Tag \ud83d\ude42 Aber [&hellip;]<\/p>\n","protected":false},"author":1,"featured_media":0,"comment_status":"open","ping_status":"closed","sticky":false,"template":"","format":"standard","meta":{"ngg_post_thumbnail":0,"footnotes":""},"categories":[1],"tags":[],"class_list":["post-409","post","type-post","status-publish","format-standard","hentry","category-allgemein"],"_links":{"self":[{"href":"https:\/\/www.bremmert.de\/hochzeit\/wp-json\/wp\/v2\/posts\/409","targetHints":{"allow":["GET"]}}],"collection":[{"href":"https:\/\/www.bremmert.de\/hochzeit\/wp-json\/wp\/v2\/posts"}],"about":[{"href":"https:\/\/www.bremmert.de\/hochzeit\/wp-json\/wp\/v2\/types\/post"}],"author":[{"embeddable":true,"href":"https:\/\/www.bremmert.de\/hochzeit\/wp-json\/wp\/v2\/users\/1"}],"replies":[{"embeddable":true,"href":"https:\/\/www.bremmert.de\/hochzeit\/wp-json\/wp\/v2\/comments?post=409"}],"version-history":[{"count":1,"href":"https:\/\/www.bremmert.de\/hochzeit\/wp-json\/wp\/v2\/posts\/409\/revisions"}],"predecessor-version":[{"id":410,"href":"https:\/\/www.bremmert.de\/hochzeit\/wp-json\/wp\/v2\/posts\/409\/revisions\/410"}],"wp:attachment":[{"href":"https:\/\/www.bremmert.de\/hochzeit\/wp-json\/wp\/v2\/media?parent=409"}],"wp:term":[{"taxonomy":"category","embeddable":true,"href":"https:\/\/www.bremmert.de\/hochzeit\/wp-json\/wp\/v2\/categories?post=409"},{"taxonomy":"post_tag","embeddable":true,"href":"https:\/\/www.bremmert.de\/hochzeit\/wp-json\/wp\/v2\/tags?post=409"}],"curies":[{"name":"wp","href":"https:\/\/api.w.org\/{rel}","templated":true}]}}