{"id":431,"date":"2012-06-07T10:30:59","date_gmt":"2012-06-07T08:30:59","guid":{"rendered":"http:\/\/hochzeit.bremmert.de\/?p=431"},"modified":"2012-06-10T14:02:14","modified_gmt":"2012-06-10T12:02:14","slug":"aktuelleseine-haarige-uberlegung-2","status":"publish","type":"post","link":"https:\/\/www.bremmert.de\/hochzeit\/aktuelleseine-haarige-uberlegung-2\/","title":{"rendered":"Eine haarige \u00dcberlegung"},"content":{"rendered":"<p>An alle Stilikonen, Haarprachtler, Glatzentr\u00e4ger, Langhaarliebhaber und Lockenz\u00fcchter:<br \/>\nNachdem die Frage nun t\u00e4glich an mein Ohr dringt, stelle ich sie hier zur offenen Diskussion:<\/p>\n<p>Sollen Steffens Haare dran bleiben oder ab? Soll er sie offen tragen *rrrrr* oder im Zopf&#8230;<br \/>\nSchwierig, schwierig&#8230;<\/p>\n<p>Was meint ihr??<\/p>\n<p>[poll id=&#8220;3&#8243;]<\/p>\n<p>Bitte flei\u00dfig mit abstimmen \ud83d\ude42<\/p>\n","protected":false},"excerpt":{"rendered":"<p>An alle Stilikonen, Haarprachtler, Glatzentr\u00e4ger, Langhaarliebhaber und Lockenz\u00fcchter: Nachdem die Frage nun t\u00e4glich an mein Ohr dringt, stelle ich sie hier zur offenen Diskussion: Sollen Steffens Haare dran bleiben oder ab? Soll er sie offen tragen *rrrrr* oder im Zopf&#8230; Schwierig, schwierig&#8230; Was meint ihr?? [poll id=&#8220;3&#8243;] Bitte flei\u00dfig mit abstimmen \ud83d\ude42<\/p>\n","protected":false},"author":2,"featured_media":0,"comment_status":"open","ping_status":"closed","sticky":false,"template":"","format":"standard","meta":{"ngg_post_thumbnail":0,"footnotes":""},"categories":[1],"tags":[],"class_list":["post-431","post","type-post","status-publish","format-standard","hentry","category-allgemein"],"_links":{"self":[{"href":"https:\/\/www.bremmert.de\/hochzeit\/wp-json\/wp\/v2\/posts\/431","targetHints":{"allow":["GET"]}}],"collection":[{"href":"https:\/\/www.bremmert.de\/hochzeit\/wp-json\/wp\/v2\/posts"}],"about":[{"href":"https:\/\/www.bremmert.de\/hochzeit\/wp-json\/wp\/v2\/types\/post"}],"author":[{"embeddable":true,"href":"https:\/\/www.bremmert.de\/hochzeit\/wp-json\/wp\/v2\/users\/2"}],"replies":[{"embeddable":true,"href":"https:\/\/www.bremmert.de\/hochzeit\/wp-json\/wp\/v2\/comments?post=431"}],"version-history":[{"count":23,"href":"https:\/\/www.bremmert.de\/hochzeit\/wp-json\/wp\/v2\/posts\/431\/revisions"}],"predecessor-version":[{"id":434,"href":"https:\/\/www.bremmert.de\/hochzeit\/wp-json\/wp\/v2\/posts\/431\/revisions\/434"}],"wp:attachment":[{"href":"https:\/\/www.bremmert.de\/hochzeit\/wp-json\/wp\/v2\/media?parent=431"}],"wp:term":[{"taxonomy":"category","embeddable":true,"href":"https:\/\/www.bremmert.de\/hochzeit\/wp-json\/wp\/v2\/categories?post=431"},{"taxonomy":"post_tag","embeddable":true,"href":"https:\/\/www.bremmert.de\/hochzeit\/wp-json\/wp\/v2\/tags?post=431"}],"curies":[{"name":"wp","href":"https:\/\/api.w.org\/{rel}","templated":true}]}}