{"id":514,"date":"2012-06-22T01:32:08","date_gmt":"2012-06-21T23:32:08","guid":{"rendered":"http:\/\/hochzeit.bremmert.de\/?p=514"},"modified":"2012-06-22T01:35:20","modified_gmt":"2012-06-21T23:35:20","slug":"lieder-in-der-kirche-sind-fix","status":"publish","type":"post","link":"https:\/\/www.bremmert.de\/hochzeit\/lieder-in-der-kirche-sind-fix\/","title":{"rendered":"Lieder in der Kirche sind fix"},"content":{"rendered":"<p>50 Tage noch bis zu unserem gro\u00dfen Tag!<\/p>\n<p>Heute waren wir bei unserem Traupfarrer Bernhard Kroll in Ingolstadt und haben den Ablauf der Trauung abgestimmt. Wir werden einen Wortgottesdienst mit euch feiern!<\/p>\n<p>Nat\u00fcrlich haben wir uns auch sch\u00f6ne Lieder ausgesucht f\u00fcr die Hochzeit (die \u00fcbrigens von der BDKJ Band gespielt werden).<\/p>\n<p>Damit alle kr\u00e4ftig mitsingen k\u00f6nnen, haben wir f\u00fcr euch die Lieder <a title=\"Lieder bei der Trauung, bitte \u00fcben :)\" href=\"https:\/\/bremmert.de\/hochzeit\/geladene-gaste\/lieder-bei-der-trauung-bitte-ueben\/\">hier<\/a> zusammengestellt. Bitte \u00fcben \ud83d\ude42<\/p>\n","protected":false},"excerpt":{"rendered":"<p>50 Tage noch bis zu unserem gro\u00dfen Tag! Heute waren wir bei unserem Traupfarrer Bernhard Kroll in Ingolstadt und haben den Ablauf der Trauung abgestimmt. Wir werden einen Wortgottesdienst mit euch feiern! Nat\u00fcrlich haben wir uns auch sch\u00f6ne Lieder ausgesucht f\u00fcr die Hochzeit (die \u00fcbrigens von der BDKJ Band gespielt werden). Damit alle kr\u00e4ftig mitsingen [&hellip;]<\/p>\n","protected":false},"author":1,"featured_media":0,"comment_status":"open","ping_status":"closed","sticky":false,"template":"","format":"standard","meta":{"ngg_post_thumbnail":0,"footnotes":""},"categories":[1],"tags":[],"class_list":["post-514","post","type-post","status-publish","format-standard","hentry","category-allgemein"],"_links":{"self":[{"href":"https:\/\/www.bremmert.de\/hochzeit\/wp-json\/wp\/v2\/posts\/514","targetHints":{"allow":["GET"]}}],"collection":[{"href":"https:\/\/www.bremmert.de\/hochzeit\/wp-json\/wp\/v2\/posts"}],"about":[{"href":"https:\/\/www.bremmert.de\/hochzeit\/wp-json\/wp\/v2\/types\/post"}],"author":[{"embeddable":true,"href":"https:\/\/www.bremmert.de\/hochzeit\/wp-json\/wp\/v2\/users\/1"}],"replies":[{"embeddable":true,"href":"https:\/\/www.bremmert.de\/hochzeit\/wp-json\/wp\/v2\/comments?post=514"}],"version-history":[{"count":3,"href":"https:\/\/www.bremmert.de\/hochzeit\/wp-json\/wp\/v2\/posts\/514\/revisions"}],"predecessor-version":[{"id":516,"href":"https:\/\/www.bremmert.de\/hochzeit\/wp-json\/wp\/v2\/posts\/514\/revisions\/516"}],"wp:attachment":[{"href":"https:\/\/www.bremmert.de\/hochzeit\/wp-json\/wp\/v2\/media?parent=514"}],"wp:term":[{"taxonomy":"category","embeddable":true,"href":"https:\/\/www.bremmert.de\/hochzeit\/wp-json\/wp\/v2\/categories?post=514"},{"taxonomy":"post_tag","embeddable":true,"href":"https:\/\/www.bremmert.de\/hochzeit\/wp-json\/wp\/v2\/tags?post=514"}],"curies":[{"name":"wp","href":"https:\/\/api.w.org\/{rel}","templated":true}]}}