{"id":604,"date":"2012-08-08T23:56:19","date_gmt":"2012-08-08T21:56:19","guid":{"rendered":"http:\/\/hochzeit.bremmert.de\/?p=604"},"modified":"2012-08-08T23:59:33","modified_gmt":"2012-08-08T21:59:33","slug":"es-darf-gequakt-werden","status":"publish","type":"post","link":"https:\/\/www.bremmert.de\/hochzeit\/es-darf-gequakt-werden\/","title":{"rendered":"Es darf gequ\u00e4kt werden"},"content":{"rendered":"<p>Eine kleine Info f\u00fcr unsere Mamis und Papis und deren &#8222;Zwerge&#8220;:<\/p>\n<p>In der Kirche d\u00fcrfen die Kleinen ruhig mal qu\u00e4ken, quaken, juchzen und quietschen. Oder was sie sonst f\u00fcr T\u00f6ne auf Lager haben \ud83d\ude09<br \/>\nAuch gegen pl\u00f6tzlich auftretenden Bewegungsdrang haben wir nichts einzuwenden, solange die Kirche ganz bleibt \ud83d\ude09<br \/>\nSollte es euch dann irgendwann doch zu stressig werden, k\u00f6nnt ihr nat\u00fcrlich auch dazwischen mal rausgehen und wieder reinkommen.<\/p>\n<p>Au\u00dferdem gibt es f\u00fcr die Stillenden unter euch alkoholfreien Sekt.<br \/>\n(Wenn ich ihn am Samstag nicht im K\u00fchlschrank vergesse)<\/p>\n<p>Wir freuen uns einfach, dass an diesem Tag Gro\u00df und Klein mit uns feiert.<\/p>\n<p>Ach ja, ich hoffe, ihr habt schon alle flei\u00dfig die Lieder ge\u00fcbt&#8230;<\/p>\n","protected":false},"excerpt":{"rendered":"<p>Eine kleine Info f\u00fcr unsere Mamis und Papis und deren &#8222;Zwerge&#8220;: In der Kirche d\u00fcrfen die Kleinen ruhig mal qu\u00e4ken, quaken, juchzen und quietschen. Oder was sie sonst f\u00fcr T\u00f6ne auf Lager haben \ud83d\ude09 Auch gegen pl\u00f6tzlich auftretenden Bewegungsdrang haben wir nichts einzuwenden, solange die Kirche ganz bleibt \ud83d\ude09 Sollte es euch dann irgendwann doch [&hellip;]<\/p>\n","protected":false},"author":2,"featured_media":0,"comment_status":"open","ping_status":"closed","sticky":false,"template":"","format":"standard","meta":{"ngg_post_thumbnail":0,"footnotes":""},"categories":[1],"tags":[],"class_list":["post-604","post","type-post","status-publish","format-standard","hentry","category-allgemein"],"_links":{"self":[{"href":"https:\/\/www.bremmert.de\/hochzeit\/wp-json\/wp\/v2\/posts\/604","targetHints":{"allow":["GET"]}}],"collection":[{"href":"https:\/\/www.bremmert.de\/hochzeit\/wp-json\/wp\/v2\/posts"}],"about":[{"href":"https:\/\/www.bremmert.de\/hochzeit\/wp-json\/wp\/v2\/types\/post"}],"author":[{"embeddable":true,"href":"https:\/\/www.bremmert.de\/hochzeit\/wp-json\/wp\/v2\/users\/2"}],"replies":[{"embeddable":true,"href":"https:\/\/www.bremmert.de\/hochzeit\/wp-json\/wp\/v2\/comments?post=604"}],"version-history":[{"count":7,"href":"https:\/\/www.bremmert.de\/hochzeit\/wp-json\/wp\/v2\/posts\/604\/revisions"}],"predecessor-version":[{"id":609,"href":"https:\/\/www.bremmert.de\/hochzeit\/wp-json\/wp\/v2\/posts\/604\/revisions\/609"}],"wp:attachment":[{"href":"https:\/\/www.bremmert.de\/hochzeit\/wp-json\/wp\/v2\/media?parent=604"}],"wp:term":[{"taxonomy":"category","embeddable":true,"href":"https:\/\/www.bremmert.de\/hochzeit\/wp-json\/wp\/v2\/categories?post=604"},{"taxonomy":"post_tag","embeddable":true,"href":"https:\/\/www.bremmert.de\/hochzeit\/wp-json\/wp\/v2\/tags?post=604"}],"curies":[{"name":"wp","href":"https:\/\/api.w.org\/{rel}","templated":true}]}}