{"id":635,"date":"2012-08-12T14:07:18","date_gmt":"2012-08-12T12:07:18","guid":{"rendered":"http:\/\/hochzeit.bremmert.de\/?p=635"},"modified":"2012-08-12T16:49:47","modified_gmt":"2012-08-12T14:49:47","slug":"der-tag-danach-whooohoooo","status":"publish","type":"post","link":"https:\/\/www.bremmert.de\/hochzeit\/der-tag-danach-whooohoooo\/","title":{"rendered":"Der Tag danach &#8211; whooohoooo"},"content":{"rendered":"<p>Was soll ich sagen&#8230;<br \/>\nals erstes: Hoffentlich seid ihr alle gut heim gekommen und habt gut geschlafen.<\/p>\n<p>und dann:<br \/>\n<em>IHR SEID ALLE SUPER UND DAS WAR DIE FEIER UNSERES LEBENS!!! <\/em><br \/>\nDer Tag war ein einziger genialer Film! Nicht einmal ein Quentin Tarantino-Streifen k\u00f6nnte da mithalten.<br \/>\nWie schon auf Facebook geschrieben: &#8222;Mein Herz und mein Hirn fahren immer noch Karussell 10 Zentimeter \u00fcber dem Boden!&#8220;<br \/>\nIhr alle habt diesen Tag so unvergesslich und liebevoll f\u00fcr uns gestaltet und zu einer ganz besonderen Erinnerung f\u00fcr uns gemacht!<br \/>\n(Man reiche mir ein Taschentuch &#8211; schon wieder!)<br \/>\nOhne die Hilfe jedes Einzelnen h\u00e4tten wir das Alles nicht stemmen und nicht so unbeschwert durch den Tag schweben k\u00f6nnen.<br \/>\nUm es richtig schnulzig zu formulieren: Eure Liebe und Freundschaft hat uns durch den Tag getragen!<br \/>\nEs war bombastisch!<br \/>\nUnd eure Gro\u00dfz\u00fcgigkeit, die wir bis jetzt nur im Ansatz erahnen k\u00f6nnen, hat Steffen schon aus den Doc Martens gehauen \ud83d\ude09<\/p>\n<p>F\u00fchlt euch alle noch einmal ganz lieb und arg gedr\u00fcckt!<br \/>\nIhr seid die Besten!<\/p>\n<p>Manuela und Steffen<\/p>\n","protected":false},"excerpt":{"rendered":"<p>Was soll ich sagen&#8230; als erstes: Hoffentlich seid ihr alle gut heim gekommen und habt gut geschlafen. und dann: IHR SEID ALLE SUPER UND DAS WAR DIE FEIER UNSERES LEBENS!!! Der Tag war ein einziger genialer Film! Nicht einmal ein Quentin Tarantino-Streifen k\u00f6nnte da mithalten. Wie schon auf Facebook geschrieben: &#8222;Mein Herz und mein Hirn [&hellip;]<\/p>\n","protected":false},"author":2,"featured_media":0,"comment_status":"open","ping_status":"closed","sticky":false,"template":"","format":"standard","meta":{"ngg_post_thumbnail":0,"footnotes":""},"categories":[1],"tags":[],"class_list":["post-635","post","type-post","status-publish","format-standard","hentry","category-allgemein"],"_links":{"self":[{"href":"https:\/\/www.bremmert.de\/hochzeit\/wp-json\/wp\/v2\/posts\/635","targetHints":{"allow":["GET"]}}],"collection":[{"href":"https:\/\/www.bremmert.de\/hochzeit\/wp-json\/wp\/v2\/posts"}],"about":[{"href":"https:\/\/www.bremmert.de\/hochzeit\/wp-json\/wp\/v2\/types\/post"}],"author":[{"embeddable":true,"href":"https:\/\/www.bremmert.de\/hochzeit\/wp-json\/wp\/v2\/users\/2"}],"replies":[{"embeddable":true,"href":"https:\/\/www.bremmert.de\/hochzeit\/wp-json\/wp\/v2\/comments?post=635"}],"version-history":[{"count":4,"href":"https:\/\/www.bremmert.de\/hochzeit\/wp-json\/wp\/v2\/posts\/635\/revisions"}],"predecessor-version":[{"id":638,"href":"https:\/\/www.bremmert.de\/hochzeit\/wp-json\/wp\/v2\/posts\/635\/revisions\/638"}],"wp:attachment":[{"href":"https:\/\/www.bremmert.de\/hochzeit\/wp-json\/wp\/v2\/media?parent=635"}],"wp:term":[{"taxonomy":"category","embeddable":true,"href":"https:\/\/www.bremmert.de\/hochzeit\/wp-json\/wp\/v2\/categories?post=635"},{"taxonomy":"post_tag","embeddable":true,"href":"https:\/\/www.bremmert.de\/hochzeit\/wp-json\/wp\/v2\/tags?post=635"}],"curies":[{"name":"wp","href":"https:\/\/api.w.org\/{rel}","templated":true}]}}