{"id":694,"date":"2012-08-22T04:10:37","date_gmt":"2012-08-22T02:10:37","guid":{"rendered":"http:\/\/hochzeit.bremmert.de\/?p=694"},"modified":"2012-08-22T04:10:38","modified_gmt":"2012-08-22T02:10:38","slug":"bilder-sind-online","status":"publish","type":"post","link":"https:\/\/www.bremmert.de\/hochzeit\/bilder-sind-online\/","title":{"rendered":"Bilder sind online"},"content":{"rendered":"<p>So hallo liebe Besucher unserer Trauung. Ich hoffe ihr konntet euch noch gut von unserer Feier erholen und habt den Tag genauso genossen wie wir.<\/p>\n<p>Um euch nochmal die sch\u00f6nsten Momente in Erinnerung zu rufen, haben wir jetzt die Bilder von unserem Fotographen Nico online gestellt.<\/p>\n<p>Ihr findet sie unter <a href=\"https:\/\/bremmert.de\/hochzeit\/bilder\/\">https:\/\/bremmert.de\/hochzeit\/bilder\/<\/a><\/p>\n<p>ACHTUNG: Ihr braucht ein anderes Passwort daf\u00fcr: Erinnert ihr euch noch, was in der Kirche neben euren Liedbl\u00e4ttern lag? Es f\u00e4ngt mit S an.<\/p>\n<p>Wenn ihr doch Probleme habt, euch daran zu erinnern, <a title=\"Kontakt\" href=\"https:\/\/bremmert.de\/hochzeit\/kontakt\/\">kontaktiert<\/a> uns einfach.<\/p>\n<p>Viel Spa\u00df beim Angucken<\/p>\n<p>w\u00fcnschen Euch Manuela und Steffen<\/p>\n","protected":false},"excerpt":{"rendered":"<p>So hallo liebe Besucher unserer Trauung. Ich hoffe ihr konntet euch noch gut von unserer Feier erholen und habt den Tag genauso genossen wie wir. Um euch nochmal die sch\u00f6nsten Momente in Erinnerung zu rufen, haben wir jetzt die Bilder von unserem Fotographen Nico online gestellt. Ihr findet sie unter https:\/\/bremmert.de\/hochzeit\/bilder\/ ACHTUNG: Ihr braucht ein [&hellip;]<\/p>\n","protected":false},"author":1,"featured_media":0,"comment_status":"open","ping_status":"closed","sticky":false,"template":"","format":"standard","meta":{"ngg_post_thumbnail":0,"footnotes":""},"categories":[1],"tags":[],"class_list":["post-694","post","type-post","status-publish","format-standard","hentry","category-allgemein"],"_links":{"self":[{"href":"https:\/\/www.bremmert.de\/hochzeit\/wp-json\/wp\/v2\/posts\/694","targetHints":{"allow":["GET"]}}],"collection":[{"href":"https:\/\/www.bremmert.de\/hochzeit\/wp-json\/wp\/v2\/posts"}],"about":[{"href":"https:\/\/www.bremmert.de\/hochzeit\/wp-json\/wp\/v2\/types\/post"}],"author":[{"embeddable":true,"href":"https:\/\/www.bremmert.de\/hochzeit\/wp-json\/wp\/v2\/users\/1"}],"replies":[{"embeddable":true,"href":"https:\/\/www.bremmert.de\/hochzeit\/wp-json\/wp\/v2\/comments?post=694"}],"version-history":[{"count":1,"href":"https:\/\/www.bremmert.de\/hochzeit\/wp-json\/wp\/v2\/posts\/694\/revisions"}],"predecessor-version":[{"id":695,"href":"https:\/\/www.bremmert.de\/hochzeit\/wp-json\/wp\/v2\/posts\/694\/revisions\/695"}],"wp:attachment":[{"href":"https:\/\/www.bremmert.de\/hochzeit\/wp-json\/wp\/v2\/media?parent=694"}],"wp:term":[{"taxonomy":"category","embeddable":true,"href":"https:\/\/www.bremmert.de\/hochzeit\/wp-json\/wp\/v2\/categories?post=694"},{"taxonomy":"post_tag","embeddable":true,"href":"https:\/\/www.bremmert.de\/hochzeit\/wp-json\/wp\/v2\/tags?post=694"}],"curies":[{"name":"wp","href":"https:\/\/api.w.org\/{rel}","templated":true}]}}